{"id":1725,"date":"2019-10-18T17:35:15","date_gmt":"2019-10-18T22:35:15","guid":{"rendered":"https:\/\/experiencia.winterhalter.com\/co\/?p=1725"},"modified":"2020-02-25T02:50:03","modified_gmt":"2020-02-25T07:50:03","slug":"bogota-madrid-fusion-un-evento-que-no-puedes-perderte","status":"publish","type":"post","link":"https:\/\/experiencia.winterhalter.com\/co\/bogota-madrid-fusion-un-evento-que-no-puedes-perderte\/","title":{"rendered":"Bogot\u00e1 Madrid Fusi\u00f3n: un evento que no puedes perderte"},"content":{"rendered":"<p>La capital colombiana se viste de gala para celebrar la primera edici\u00f3n de <strong>Bogot\u00e1 Madrid Fusi\u00f3n<\/strong> (BMF), que se celebra en esta ciudad del 7 al 10 de noviembre. El evento, que tiene como origen el consagrado congreso de Madrid Fusi\u00f3n, contar\u00e1 con un papel destacado por parte de Winterhalter, que participar\u00e1 en la cita junto a destacados profesionales del mundo culinario como el tres estrellas Michelin Quique Dacosta, el chef Joan Roca, considerado el mejor cocinero del mundo seg\u00fan The Best Chef Awards 2018, y Ana Ros, la mejor cocinera seg\u00fan The World 50 Best Restaurants.<\/p>\n<p>\u00bfQuieres saber m\u00e1s sobre este evento y lo importante que es para nosotros? Sigue leyendo y desc\u00fabrelo.<\/p>\n<h2><strong>Winterhalter, clave en la gastronom\u00eda colombiana<\/strong><\/h2>\n<p><strong>\u00a0<\/strong>El sector de la gastronom\u00eda es uno de los m\u00e1s reconocidos en el mundo y un negocio que va en potencial crecimiento en nuestro pa\u00eds. De hecho, Colombia ha sido anfitri\u00f3n en dos ocasiones del <strong>Latin America\u2018s 50 Best Restaurants<\/strong>, donde se re\u00fanen propietarios de restaurantes, chefs, sommeliers, periodistas y dem\u00e1s personalidades importantes para hacer el anuncio de los 50 mejores restaurantes de la regi\u00f3n latinoamericana.<\/p>\n<p>Para cada uno de estos profesionales involucrados en el sector de la gastronom\u00eda, <strong>Winterhalter<\/strong> ocupa un rol fundamental al ser una empresa especialista en el lavado profesional. \u00bf<strong>Cu\u00e1l es nuestro valor diferenciador?<\/strong> Estamos preparados para ofrecerte soluciones que garantizan calidad en los procesos de higiene y lavado 100% profesional, garantizando total fiabilidad para que tus propios clientes puedan identificar lo mejor de tu trabajo.<\/p>\n<h3><strong>Motivos para asistir a Bogot\u00e1 Madrid Fusi\u00f3n<\/strong><\/h3>\n<p>Adem\u00e1s del privilegio de asistir a la primera Cumbre de Internacional de Gastronom\u00eda Bogot\u00e1 Madrid Fusi\u00f3n, tendr\u00e1s la oportunidad de conocer mucho m\u00e1s sobre los secretos de la parrilla bonaerense, la b\u00fasqueda de la alta cocina colombiana e, incluso, sobre la sustituci\u00f3n de cultivos il\u00edcitos y la alta cocina. \u00a1Adquiere tu boleta en el siguiente enlace! <a href=\"https:\/\/madridfusion.corferias.co\/\">https:\/\/madridfusion.corferias.co\/<\/a><\/p>\n<p>Las \u2018masterclass\u2019 tambi\u00e9n forman parte de las actividades m\u00e1s esperadas donde profesionales de la cocina, nacional e internacional, demostrar\u00e1n sus mejores trucos para que puedas perfeccionar cada una de tus recetas. \u00bfQu\u00e9 te parece?<\/p>\n<div style=\"margin-bottom: 50px;\"><a href=\"https:\/\/experiencia.winterhalter.com\/co\/lp-bogota-madrid-fusion\/?cta_type=cta&amp;cta_category=postblog\"><img decoding=\"async\" class=\"alignnone size-medium wp-image-1893\" src=\"https:\/\/experiencia.winterhalter.com\/co\/wp-content\/uploads\/2019\/10\/post-blog-madrid-fusion_copy_3-1.png\" alt=\"\" \/><\/a><\/div>\n<h3><strong>Manolo Tornay, Experiencia Winterhalter<\/strong><\/h3>\n<p>Para Winterhalter tambi\u00e9n ser\u00e1 un evento especial gracias a la presencia de Manolo Tornay, director comercial de Winterhalter Ib\u00e9rica, quien participar\u00e1 como ponente del <strong>Bogot\u00e1 Madrid Fusi\u00f3n<\/strong> (BMF) para hablar sobre la innovaci\u00f3n Tecnol\u00f3gica en la cocina y c\u00f3mo nuestra empresa podr\u00e1 ayudarte en todo este proceso de mejora.<\/p>\n<p>Manolo Tornay es uno de los profesionales m\u00e1s reconocidos dentro del sector gastron\u00f3mico en Espa\u00f1a y, adem\u00e1s de acumular una amplia experiencia en nuestra empresa, es el actual presidente de la Academia Gastron\u00f3mica de M\u00e1laga, la m\u00e1s antigua de Espa\u00f1a con 42 a\u00f1os de historia. Adem\u00e1s, Manolo Tornay forma parte de la Academia Andaluza de Gastronom\u00eda y Turismo.<\/p>\n<p><iframe title=\"Manuel Tornay Bogot\u00e1 Madrid Fusi\u00f3n\" width=\"500\" height=\"281\" src=\"https:\/\/www.youtube.com\/embed\/tvyx0oPKYOw?feature=oembed\" frameborder=\"0\" allow=\"accelerometer; autoplay; clipboard-write; encrypted-media; gyroscope; picture-in-picture; web-share\" referrerpolicy=\"strict-origin-when-cross-origin\" allowfullscreen><\/iframe><\/p>\n<h3><strong>\u00bfA qui\u00e9n va dirigido este evento?<\/strong><\/h3>\n<p>Del 7 al 10 noviembre Corferias contar\u00e1 con lo mejor de la cocina tradicional colombiana donde estudiantes, amantes de la buena comida y profesionales del sector culinario podr\u00e1n disfrutar de un importante encuentro en el que se mostrar\u00e1 lo mejor de cada regi\u00f3n del pa\u00eds y actividades culturales que har\u00e1n m\u00e1s enriquecedora toda la experiencia que llega a Colombia por primera vez procedente de Espa\u00f1a.<\/p>\n<h3><strong>Winterhalter: tu mejor aliado para crecer<\/strong><\/h3>\n<p>Winterhalter cuenta con una de las tecnolog\u00edas m\u00e1s avanzadas para ofrecer calidad en cada uno de los procesos de lavados para que tus vajillas, cristaler\u00eda y utensilios no solo presenten su mejor versi\u00f3n, tengan un brillo y acabado perfecto, sino que tambi\u00e9n sean un icono de limpieza y verdadera higiene en tu negocio.<\/p>\n<p>En nuestros productos podr\u00e1s identificar diferentes ciclos de lavados para garantizar el cuidado de tu porcelana, cristaler\u00eda o utensilios donde, adem\u00e1s, alcanzar\u00e1s un nivel de brillo y acabado totalmente impecable que ning\u00fan lavado a mano puede conseguir. Solamente Winterhalter, puede garantizar los m\u00e1s altos est\u00e1ndares de calidad y tecnolog\u00eda de limpieza e higiene en las cocinas profesionales, por eso podemos decir que contamos con los mejores equipos de lavado e higiene en la cocina del mundo.<\/p>\n<p>\u00a1Asiste a este importante evento y ven a vernos!<\/p>\n<p><!--<a href=\"https:\/\/experiencia.winterhalter.com\/co\/wf-reactivacion\/?utm_source=blog&amp;utm_medium=ctapost-blog&amp;utm_campaign=wf-reactivacion\" target=\"_blank\" rel=\"noopener noreferrer\"><img fetchpriority=\"high\" decoding=\"async\" class=\"wp-image-2085 size-full aligncenter\" title=\"Instalamos lavavajillas durante 8 d\u00edas\" src=\"https:\/\/experiencia.winterhalter.com\/co\/wp-content\/uploads\/2019\/10\/colombia-post-blog-prueba.jpg\" alt=\"\" width=\"825\" height=\"280\" srcset=\"https:\/\/experiencia.winterhalter.com\/co\/wp-content\/uploads\/2019\/10\/colombia-post-blog-prueba.jpg 825w, https:\/\/experiencia.winterhalter.com\/co\/wp-content\/uploads\/2019\/10\/colombia-post-blog-prueba-300x102.jpg 300w, https:\/\/experiencia.winterhalter.com\/co\/wp-content\/uploads\/2019\/10\/colombia-post-blog-prueba-768x261.jpg 768w, https:\/\/experiencia.winterhalter.com\/co\/wp-content\/uploads\/2019\/10\/colombia-post-blog-prueba-24x8.jpg 24w, https:\/\/experiencia.winterhalter.com\/co\/wp-content\/uploads\/2019\/10\/colombia-post-blog-prueba-36x12.jpg 36w, https:\/\/experiencia.winterhalter.com\/co\/wp-content\/uploads\/2019\/10\/colombia-post-blog-prueba-48x16.jpg 48w\" sizes=\"(max-width: 825px) 100vw, 825px\" \/><\/a>--><\/p>\n","protected":false},"excerpt":{"rendered":"<p>La capital colombiana se viste de gala para celebrar la primera edici\u00f3n de Bogot\u00e1 Madrid Fusi\u00f3n (BMF), que se celebra en esta ciudad del 7 [&hellip;]<\/p>\n","protected":false},"author":7,"featured_media":1726,"comment_status":"open","ping_status":"open","sticky":false,"template":"","format":"standard","meta":{"_acf_changed":false,"footnotes":""},"categories":[8,7,4],"tags":[],"class_list":["post-1725","post","type-post","status-publish","format-standard","has-post-thumbnail","hentry","category-alimentacion-industria","category-colectividad-y-catering","category-blog"],"acf":[],"yoast_head":"<!-- This site is optimized with the Yoast SEO plugin v26.8 - https:\/\/yoast.com\/product\/yoast-seo-wordpress\/ -->\n<title>Bogot\u00e1 Madrid Fusi\u00f3n: un evento que no puedes perderte<\/title>\n<meta name=\"description\" content=\"La primera edici\u00f3n de Bogot\u00e1 Madrid Fusi\u00f3n (BMF), que se celebra del 7 al 10 de noviembre, contar\u00e1 con un papel destacado por parte de Winterhalter\" \/>\n<meta name=\"robots\" content=\"index, follow, max-snippet:-1, max-image-preview:large, max-video-preview:-1\" \/>\n<link rel=\"canonical\" href=\"https:\/\/experiencia.winterhalter.com\/co\/bogota-madrid-fusion-un-evento-que-no-puedes-perderte\/\" \/>\n<meta property=\"og:locale\" content=\"es_ES\" \/>\n<meta property=\"og:type\" content=\"article\" \/>\n<meta property=\"og:title\" content=\"Bogot\u00e1 Madrid Fusi\u00f3n: un evento que no puedes perderte\" \/>\n<meta property=\"og:description\" content=\"La primera edici\u00f3n de Bogot\u00e1 Madrid Fusi\u00f3n (BMF), que se celebra del 7 al 10 de noviembre, contar\u00e1 con un papel destacado por parte de Winterhalter\" \/>\n<meta property=\"og:url\" content=\"https:\/\/experiencia.winterhalter.com\/co\/bogota-madrid-fusion-un-evento-que-no-puedes-perderte\/\" \/>\n<meta property=\"og:site_name\" content=\"Experiencia Winterhalter Andina\" \/>\n<meta property=\"article:publisher\" content=\"https:\/\/www.facebook.com\/winterhalterandinasas\/\" \/>\n<meta property=\"article:published_time\" content=\"2019-10-18T22:35:15+00:00\" \/>\n<meta property=\"article:modified_time\" content=\"2020-02-25T07:50:03+00:00\" \/>\n<meta property=\"og:image\" content=\"https:\/\/experiencia.winterhalter.com\/co\/wp-content\/uploads\/2019\/10\/bogota-madrid-fusion-evento.jpg\" \/>\n\t<meta property=\"og:image:width\" content=\"1200\" \/>\n\t<meta property=\"og:image:height\" content=\"801\" \/>\n\t<meta property=\"og:image:type\" content=\"image\/jpeg\" \/>\n<meta name=\"author\" content=\"andresl\" \/>\n<meta name=\"twitter:card\" content=\"summary_large_image\" \/>\n<meta name=\"twitter:label1\" content=\"Escrito por\" \/>\n\t<meta name=\"twitter:data1\" content=\"andresl\" \/>\n\t<meta name=\"twitter:label2\" content=\"Tiempo de lectura\" \/>\n\t<meta name=\"twitter:data2\" content=\"4 minutos\" \/>\n<script type=\"application\/ld+json\" class=\"yoast-schema-graph\">{\"@context\":\"https:\/\/schema.org\",\"@graph\":[{\"@type\":\"Article\",\"@id\":\"https:\/\/experiencia.winterhalter.com\/co\/bogota-madrid-fusion-un-evento-que-no-puedes-perderte\/#article\",\"isPartOf\":{\"@id\":\"https:\/\/experiencia.winterhalter.com\/co\/bogota-madrid-fusion-un-evento-que-no-puedes-perderte\/\"},\"author\":{\"name\":\"andresl\",\"@id\":\"https:\/\/experiencia.winterhalter.com\/co\/#\/schema\/person\/de6506d42cf13e0fa35f2391a0de333a\"},\"headline\":\"Bogot\u00e1 Madrid Fusi\u00f3n: un evento que no puedes perderte\",\"datePublished\":\"2019-10-18T22:35:15+00:00\",\"dateModified\":\"2020-02-25T07:50:03+00:00\",\"mainEntityOfPage\":{\"@id\":\"https:\/\/experiencia.winterhalter.com\/co\/bogota-madrid-fusion-un-evento-que-no-puedes-perderte\/\"},\"wordCount\":754,\"commentCount\":0,\"publisher\":{\"@id\":\"https:\/\/experiencia.winterhalter.com\/co\/#organization\"},\"image\":{\"@id\":\"https:\/\/experiencia.winterhalter.com\/co\/bogota-madrid-fusion-un-evento-que-no-puedes-perderte\/#primaryimage\"},\"thumbnailUrl\":\"https:\/\/experiencia.winterhalter.com\/co\/wp-content\/uploads\/2019\/10\/bogota-madrid-fusion-evento.jpg\",\"articleSection\":[\"Alimentaci\u00f3n Industria\",\"Colectividad y Catering\",\"Colombia\"],\"inLanguage\":\"es\",\"potentialAction\":[{\"@type\":\"CommentAction\",\"name\":\"Comment\",\"target\":[\"https:\/\/experiencia.winterhalter.com\/co\/bogota-madrid-fusion-un-evento-que-no-puedes-perderte\/#respond\"]}]},{\"@type\":\"WebPage\",\"@id\":\"https:\/\/experiencia.winterhalter.com\/co\/bogota-madrid-fusion-un-evento-que-no-puedes-perderte\/\",\"url\":\"https:\/\/experiencia.winterhalter.com\/co\/bogota-madrid-fusion-un-evento-que-no-puedes-perderte\/\",\"name\":\"Bogot\u00e1 Madrid Fusi\u00f3n: un evento que no puedes perderte\",\"isPartOf\":{\"@id\":\"https:\/\/experiencia.winterhalter.com\/co\/#website\"},\"primaryImageOfPage\":{\"@id\":\"https:\/\/experiencia.winterhalter.com\/co\/bogota-madrid-fusion-un-evento-que-no-puedes-perderte\/#primaryimage\"},\"image\":{\"@id\":\"https:\/\/experiencia.winterhalter.com\/co\/bogota-madrid-fusion-un-evento-que-no-puedes-perderte\/#primaryimage\"},\"thumbnailUrl\":\"https:\/\/experiencia.winterhalter.com\/co\/wp-content\/uploads\/2019\/10\/bogota-madrid-fusion-evento.jpg\",\"datePublished\":\"2019-10-18T22:35:15+00:00\",\"dateModified\":\"2020-02-25T07:50:03+00:00\",\"description\":\"La primera edici\u00f3n de Bogot\u00e1 Madrid Fusi\u00f3n (BMF), que se celebra del 7 al 10 de noviembre, contar\u00e1 con un papel destacado por parte de Winterhalter\",\"breadcrumb\":{\"@id\":\"https:\/\/experiencia.winterhalter.com\/co\/bogota-madrid-fusion-un-evento-que-no-puedes-perderte\/#breadcrumb\"},\"inLanguage\":\"es\",\"potentialAction\":[{\"@type\":\"ReadAction\",\"target\":[\"https:\/\/experiencia.winterhalter.com\/co\/bogota-madrid-fusion-un-evento-que-no-puedes-perderte\/\"]}]},{\"@type\":\"ImageObject\",\"inLanguage\":\"es\",\"@id\":\"https:\/\/experiencia.winterhalter.com\/co\/bogota-madrid-fusion-un-evento-que-no-puedes-perderte\/#primaryimage\",\"url\":\"https:\/\/experiencia.winterhalter.com\/co\/wp-content\/uploads\/2019\/10\/bogota-madrid-fusion-evento.jpg\",\"contentUrl\":\"https:\/\/experiencia.winterhalter.com\/co\/wp-content\/uploads\/2019\/10\/bogota-madrid-fusion-evento.jpg\",\"width\":1200,\"height\":801,\"caption\":\"bogota-madrid-fusion-evento\"},{\"@type\":\"BreadcrumbList\",\"@id\":\"https:\/\/experiencia.winterhalter.com\/co\/bogota-madrid-fusion-un-evento-que-no-puedes-perderte\/#breadcrumb\",\"itemListElement\":[{\"@type\":\"ListItem\",\"position\":1,\"name\":\"Portada\",\"item\":\"https:\/\/experiencia.winterhalter.com\/co\/\"},{\"@type\":\"ListItem\",\"position\":2,\"name\":\"Bogot\u00e1 Madrid Fusi\u00f3n: un evento que no puedes perderte\"}]},{\"@type\":\"WebSite\",\"@id\":\"https:\/\/experiencia.winterhalter.com\/co\/#website\",\"url\":\"https:\/\/experiencia.winterhalter.com\/co\/\",\"name\":\"Experiencia Winterhalter Andina\",\"description\":\"\",\"publisher\":{\"@id\":\"https:\/\/experiencia.winterhalter.com\/co\/#organization\"},\"potentialAction\":[{\"@type\":\"SearchAction\",\"target\":{\"@type\":\"EntryPoint\",\"urlTemplate\":\"https:\/\/experiencia.winterhalter.com\/co\/?s={search_term_string}\"},\"query-input\":{\"@type\":\"PropertyValueSpecification\",\"valueRequired\":true,\"valueName\":\"search_term_string\"}}],\"inLanguage\":\"es\"},{\"@type\":\"Organization\",\"@id\":\"https:\/\/experiencia.winterhalter.com\/co\/#organization\",\"name\":\"Winterhalter Andina SAS\",\"url\":\"https:\/\/experiencia.winterhalter.com\/co\/\",\"logo\":{\"@type\":\"ImageObject\",\"inLanguage\":\"es\",\"@id\":\"https:\/\/experiencia.winterhalter.com\/co\/#\/schema\/logo\/image\/\",\"url\":\"https:\/\/experiencia.winterhalter.com\/co\/wp-content\/uploads\/2024\/02\/imagen-logo-instagram-copia.jpg\",\"contentUrl\":\"https:\/\/experiencia.winterhalter.com\/co\/wp-content\/uploads\/2024\/02\/imagen-logo-instagram-copia.jpg\",\"width\":768,\"height\":768,\"caption\":\"Winterhalter Andina SAS\"},\"image\":{\"@id\":\"https:\/\/experiencia.winterhalter.com\/co\/#\/schema\/logo\/image\/\"},\"sameAs\":[\"https:\/\/www.facebook.com\/winterhalterandinasas\/\",\"https:\/\/www.instagram.com\/winterhalterandina\/\",\"https:\/\/www.linkedin.com\/company\/winterhalter-andina-col\/\"]},{\"@type\":\"Person\",\"@id\":\"https:\/\/experiencia.winterhalter.com\/co\/#\/schema\/person\/de6506d42cf13e0fa35f2391a0de333a\",\"name\":\"andresl\",\"image\":{\"@type\":\"ImageObject\",\"inLanguage\":\"es\",\"@id\":\"https:\/\/experiencia.winterhalter.com\/co\/#\/schema\/person\/image\/\",\"url\":\"https:\/\/secure.gravatar.com\/avatar\/a345817776492c59354cbb74edcddff640de47a7efc479b2fb172cf7cc389006?s=96&d=mm&r=g\",\"contentUrl\":\"https:\/\/secure.gravatar.com\/avatar\/a345817776492c59354cbb74edcddff640de47a7efc479b2fb172cf7cc389006?s=96&d=mm&r=g\",\"caption\":\"andresl\"},\"url\":\"https:\/\/experiencia.winterhalter.com\/co\/author\/andresl\/\"}]}<\/script>\n<!-- \/ Yoast SEO plugin. -->","yoast_head_json":{"title":"Bogot\u00e1 Madrid Fusi\u00f3n: un evento que no puedes perderte","description":"La primera edici\u00f3n de Bogot\u00e1 Madrid Fusi\u00f3n (BMF), que se celebra del 7 al 10 de noviembre, contar\u00e1 con un papel destacado por parte de Winterhalter","robots":{"index":"index","follow":"follow","max-snippet":"max-snippet:-1","max-image-preview":"max-image-preview:large","max-video-preview":"max-video-preview:-1"},"canonical":"https:\/\/experiencia.winterhalter.com\/co\/bogota-madrid-fusion-un-evento-que-no-puedes-perderte\/","og_locale":"es_ES","og_type":"article","og_title":"Bogot\u00e1 Madrid Fusi\u00f3n: un evento que no puedes perderte","og_description":"La primera edici\u00f3n de Bogot\u00e1 Madrid Fusi\u00f3n (BMF), que se celebra del 7 al 10 de noviembre, contar\u00e1 con un papel destacado por parte de Winterhalter","og_url":"https:\/\/experiencia.winterhalter.com\/co\/bogota-madrid-fusion-un-evento-que-no-puedes-perderte\/","og_site_name":"Experiencia Winterhalter Andina","article_publisher":"https:\/\/www.facebook.com\/winterhalterandinasas\/","article_published_time":"2019-10-18T22:35:15+00:00","article_modified_time":"2020-02-25T07:50:03+00:00","og_image":[{"width":1200,"height":801,"url":"https:\/\/experiencia.winterhalter.com\/co\/wp-content\/uploads\/2019\/10\/bogota-madrid-fusion-evento.jpg","type":"image\/jpeg"}],"author":"andresl","twitter_card":"summary_large_image","twitter_misc":{"Escrito por":"andresl","Tiempo de lectura":"4 minutos"},"schema":{"@context":"https:\/\/schema.org","@graph":[{"@type":"Article","@id":"https:\/\/experiencia.winterhalter.com\/co\/bogota-madrid-fusion-un-evento-que-no-puedes-perderte\/#article","isPartOf":{"@id":"https:\/\/experiencia.winterhalter.com\/co\/bogota-madrid-fusion-un-evento-que-no-puedes-perderte\/"},"author":{"name":"andresl","@id":"https:\/\/experiencia.winterhalter.com\/co\/#\/schema\/person\/de6506d42cf13e0fa35f2391a0de333a"},"headline":"Bogot\u00e1 Madrid Fusi\u00f3n: un evento que no puedes perderte","datePublished":"2019-10-18T22:35:15+00:00","dateModified":"2020-02-25T07:50:03+00:00","mainEntityOfPage":{"@id":"https:\/\/experiencia.winterhalter.com\/co\/bogota-madrid-fusion-un-evento-que-no-puedes-perderte\/"},"wordCount":754,"commentCount":0,"publisher":{"@id":"https:\/\/experiencia.winterhalter.com\/co\/#organization"},"image":{"@id":"https:\/\/experiencia.winterhalter.com\/co\/bogota-madrid-fusion-un-evento-que-no-puedes-perderte\/#primaryimage"},"thumbnailUrl":"https:\/\/experiencia.winterhalter.com\/co\/wp-content\/uploads\/2019\/10\/bogota-madrid-fusion-evento.jpg","articleSection":["Alimentaci\u00f3n Industria","Colectividad y Catering","Colombia"],"inLanguage":"es","potentialAction":[{"@type":"CommentAction","name":"Comment","target":["https:\/\/experiencia.winterhalter.com\/co\/bogota-madrid-fusion-un-evento-que-no-puedes-perderte\/#respond"]}]},{"@type":"WebPage","@id":"https:\/\/experiencia.winterhalter.com\/co\/bogota-madrid-fusion-un-evento-que-no-puedes-perderte\/","url":"https:\/\/experiencia.winterhalter.com\/co\/bogota-madrid-fusion-un-evento-que-no-puedes-perderte\/","name":"Bogot\u00e1 Madrid Fusi\u00f3n: un evento que no puedes perderte","isPartOf":{"@id":"https:\/\/experiencia.winterhalter.com\/co\/#website"},"primaryImageOfPage":{"@id":"https:\/\/experiencia.winterhalter.com\/co\/bogota-madrid-fusion-un-evento-que-no-puedes-perderte\/#primaryimage"},"image":{"@id":"https:\/\/experiencia.winterhalter.com\/co\/bogota-madrid-fusion-un-evento-que-no-puedes-perderte\/#primaryimage"},"thumbnailUrl":"https:\/\/experiencia.winterhalter.com\/co\/wp-content\/uploads\/2019\/10\/bogota-madrid-fusion-evento.jpg","datePublished":"2019-10-18T22:35:15+00:00","dateModified":"2020-02-25T07:50:03+00:00","description":"La primera edici\u00f3n de Bogot\u00e1 Madrid Fusi\u00f3n (BMF), que se celebra del 7 al 10 de noviembre, contar\u00e1 con un papel destacado por parte de Winterhalter","breadcrumb":{"@id":"https:\/\/experiencia.winterhalter.com\/co\/bogota-madrid-fusion-un-evento-que-no-puedes-perderte\/#breadcrumb"},"inLanguage":"es","potentialAction":[{"@type":"ReadAction","target":["https:\/\/experiencia.winterhalter.com\/co\/bogota-madrid-fusion-un-evento-que-no-puedes-perderte\/"]}]},{"@type":"ImageObject","inLanguage":"es","@id":"https:\/\/experiencia.winterhalter.com\/co\/bogota-madrid-fusion-un-evento-que-no-puedes-perderte\/#primaryimage","url":"https:\/\/experiencia.winterhalter.com\/co\/wp-content\/uploads\/2019\/10\/bogota-madrid-fusion-evento.jpg","contentUrl":"https:\/\/experiencia.winterhalter.com\/co\/wp-content\/uploads\/2019\/10\/bogota-madrid-fusion-evento.jpg","width":1200,"height":801,"caption":"bogota-madrid-fusion-evento"},{"@type":"BreadcrumbList","@id":"https:\/\/experiencia.winterhalter.com\/co\/bogota-madrid-fusion-un-evento-que-no-puedes-perderte\/#breadcrumb","itemListElement":[{"@type":"ListItem","position":1,"name":"Portada","item":"https:\/\/experiencia.winterhalter.com\/co\/"},{"@type":"ListItem","position":2,"name":"Bogot\u00e1 Madrid Fusi\u00f3n: un evento que no puedes perderte"}]},{"@type":"WebSite","@id":"https:\/\/experiencia.winterhalter.com\/co\/#website","url":"https:\/\/experiencia.winterhalter.com\/co\/","name":"Experiencia Winterhalter Andina","description":"","publisher":{"@id":"https:\/\/experiencia.winterhalter.com\/co\/#organization"},"potentialAction":[{"@type":"SearchAction","target":{"@type":"EntryPoint","urlTemplate":"https:\/\/experiencia.winterhalter.com\/co\/?s={search_term_string}"},"query-input":{"@type":"PropertyValueSpecification","valueRequired":true,"valueName":"search_term_string"}}],"inLanguage":"es"},{"@type":"Organization","@id":"https:\/\/experiencia.winterhalter.com\/co\/#organization","name":"Winterhalter Andina SAS","url":"https:\/\/experiencia.winterhalter.com\/co\/","logo":{"@type":"ImageObject","inLanguage":"es","@id":"https:\/\/experiencia.winterhalter.com\/co\/#\/schema\/logo\/image\/","url":"https:\/\/experiencia.winterhalter.com\/co\/wp-content\/uploads\/2024\/02\/imagen-logo-instagram-copia.jpg","contentUrl":"https:\/\/experiencia.winterhalter.com\/co\/wp-content\/uploads\/2024\/02\/imagen-logo-instagram-copia.jpg","width":768,"height":768,"caption":"Winterhalter Andina SAS"},"image":{"@id":"https:\/\/experiencia.winterhalter.com\/co\/#\/schema\/logo\/image\/"},"sameAs":["https:\/\/www.facebook.com\/winterhalterandinasas\/","https:\/\/www.instagram.com\/winterhalterandina\/","https:\/\/www.linkedin.com\/company\/winterhalter-andina-col\/"]},{"@type":"Person","@id":"https:\/\/experiencia.winterhalter.com\/co\/#\/schema\/person\/de6506d42cf13e0fa35f2391a0de333a","name":"andresl","image":{"@type":"ImageObject","inLanguage":"es","@id":"https:\/\/experiencia.winterhalter.com\/co\/#\/schema\/person\/image\/","url":"https:\/\/secure.gravatar.com\/avatar\/a345817776492c59354cbb74edcddff640de47a7efc479b2fb172cf7cc389006?s=96&d=mm&r=g","contentUrl":"https:\/\/secure.gravatar.com\/avatar\/a345817776492c59354cbb74edcddff640de47a7efc479b2fb172cf7cc389006?s=96&d=mm&r=g","caption":"andresl"},"url":"https:\/\/experiencia.winterhalter.com\/co\/author\/andresl\/"}]}},"_links":{"self":[{"href":"https:\/\/experiencia.winterhalter.com\/co\/wp-json\/wp\/v2\/posts\/1725","targetHints":{"allow":["GET"]}}],"collection":[{"href":"https:\/\/experiencia.winterhalter.com\/co\/wp-json\/wp\/v2\/posts"}],"about":[{"href":"https:\/\/experiencia.winterhalter.com\/co\/wp-json\/wp\/v2\/types\/post"}],"author":[{"embeddable":true,"href":"https:\/\/experiencia.winterhalter.com\/co\/wp-json\/wp\/v2\/users\/7"}],"replies":[{"embeddable":true,"href":"https:\/\/experiencia.winterhalter.com\/co\/wp-json\/wp\/v2\/comments?post=1725"}],"version-history":[{"count":12,"href":"https:\/\/experiencia.winterhalter.com\/co\/wp-json\/wp\/v2\/posts\/1725\/revisions"}],"predecessor-version":[{"id":2143,"href":"https:\/\/experiencia.winterhalter.com\/co\/wp-json\/wp\/v2\/posts\/1725\/revisions\/2143"}],"wp:featuredmedia":[{"embeddable":true,"href":"https:\/\/experiencia.winterhalter.com\/co\/wp-json\/wp\/v2\/media\/1726"}],"wp:attachment":[{"href":"https:\/\/experiencia.winterhalter.com\/co\/wp-json\/wp\/v2\/media?parent=1725"}],"wp:term":[{"taxonomy":"category","embeddable":true,"href":"https:\/\/experiencia.winterhalter.com\/co\/wp-json\/wp\/v2\/categories?post=1725"},{"taxonomy":"post_tag","embeddable":true,"href":"https:\/\/experiencia.winterhalter.com\/co\/wp-json\/wp\/v2\/tags?post=1725"}],"curies":[{"name":"wp","href":"https:\/\/api.w.org\/{rel}","templated":true}]}}