{"id":413,"date":"2018-08-21T07:00:59","date_gmt":"2018-08-21T07:00:59","guid":{"rendered":"http:\/\/experiencia.winterhalter.com\/?p=413"},"modified":"2019-08-15T14:30:48","modified_gmt":"2019-08-15T14:30:48","slug":"que-significa-personalizacion-del-lavado","status":"publish","type":"post","link":"https:\/\/experiencia.winterhalter.com\/pe\/que-significa-personalizacion-del-lavado\/","title":{"rendered":"\u00bfQu\u00e9 significa personalizaci\u00f3n del lavado?"},"content":{"rendered":"<p>Personalizar el lavado en su\u00a0negocio\u00a0puede representar la diferencia entre un ahorro considerable de tiempo, energ\u00eda, consumos y dinero; o un desperdicio constante de\u00a0todos ellos.<\/p>\n<p>Usar un equipo de higienizaci\u00f3n industrial con opciones de ajustes personalizados es una apuesta por la efectividad de sus procesos y por el cuidado medioambiental que debe caracterizar a un <a href=\"http:\/\/experiencia.winterhalter.com\/es\/3-claves-que-le-ayudaran-a-ser-un-referente-en-el-sector-horeca\/\">negocio HORECA<\/a> socialmente responsable. Pero, \u00bfa qu\u00e9 nos referimos con este concepto?<\/p>\n<h3><b>\u00bfPor qu\u00e9 es relevante la personalizaci\u00f3n del lavado?<\/b><\/h3>\n<p>La mayor\u00eda de las zonas de lavado cuentan con equipos\u00a0anticuados, que seguramente en su momento cubrieron lo mejor posible las necesidades de limpieza. Pero la realidad es que hoy\u00a0<b>los equipos<\/b>\u00a0<b>de\u00a0<\/b><b>Winterhalter<\/b><b>\u00a0tienen configuraciones muy vers\u00e1tiles que se adaptan de manera m\u00e1s inteligente a las necesidades variables,<\/b>\u00a0permitiendo escalabilidad din\u00e1mica as\u00ed como la selecci\u00f3n de ciclos adaptables.<\/p>\n<p>Si su equipo est\u00e1 un poco obsoleto y no le da la opci\u00f3n de programar ciclos que ahorren tiempo y recursos al m\u00e1ximo, o si ha tenido que adquirir m\u00e1s de uno para sacar todo el trabajo sin retrasos, ha llegado el momento de adquirir un lavavajillas industrial realmente personalizado que cubra todas sus necesidades.<\/p>\n<p>Recuerde siempre que el lavavajillas industrial que utiliza para\u00a0vajilla y otros utensilios,\u00a0 debe ser distinto al que se utiliza para la cristaler\u00eda. Considere este aspecto antes de adquirir cualquier soluci\u00f3n.<\/p>\n<p>La correcta personalizaci\u00f3n del lavado en su cocina debe responder a dos aspectos fundamentales:<\/p>\n<ol>\n<li>\n<h3><b> La elecci\u00f3n del equipo adecuado que se ajuste a sus necesidades\u00a0<\/b><b>generales<\/b><\/h3>\n<\/li>\n<\/ol>\n<p>Este aspecto depende del requerimiento que implica su volumen medio de clientes y por lo tanto de lavado. Se determina de acuerdo al tama\u00f1o actual de su negocio, pero tambi\u00e9n tiene que considerar su crecimiento a largo plazo.<\/p>\n<p>Esto quiere decir que, una soluci\u00f3n personalizada bastar\u00e1 y sobrar\u00e1 para cubrir cualquier demanda de volumen de higienizaci\u00f3n que pueda aparecer en fechas especiales, horas pico\u00a0o\u00a0eventos extraordinarios.<\/p>\n<p>Una soluci\u00f3n personalizada en lo general le permitir\u00e1:<\/p>\n<ul>\n<li data-leveltext=\"\uf0b7\" data-font=\"Symbol\" data-listid=\"2\" aria-setsize=\"-1\" data-aria-posinset=\"1\" data-aria-level=\"1\">Concentrar todo el lavado de sus utensilios en su solo equipo.<span data-ccp-props=\"{&quot;134233279&quot;:true,&quot;201341983&quot;:0,&quot;335551550&quot;:1,&quot;335551620&quot;:1,&quot;335559737&quot;:0,&quot;335559740&quot;:276}\">\u00a0<\/span><\/li>\n<li data-leveltext=\"\u25cf\" data-font=\"Symbol\" data-listid=\"1\" aria-setsize=\"-1\" data-aria-posinset=\"2\" data-aria-level=\"1\">Ahorrar costes en agua y energ\u00eda el\u00e9ctrica.<span data-ccp-props=\"{&quot;134233279&quot;:true,&quot;201341983&quot;:0,&quot;335551550&quot;:1,&quot;335551620&quot;:1,&quot;335559685&quot;:720,&quot;335559737&quot;:0,&quot;335559740&quot;:276,&quot;335559991&quot;:360}\">\u00a0<\/span><\/li>\n<li data-leveltext=\"\u25cf\" data-font=\"Symbol\" data-listid=\"1\" aria-setsize=\"-1\" data-aria-posinset=\"3\" data-aria-level=\"1\">Evitar gastos de aver\u00edas, incidencias y reparaciones por sobre uso.<span data-ccp-props=\"{&quot;134233279&quot;:true,&quot;201341983&quot;:0,&quot;335551550&quot;:1,&quot;335551620&quot;:1,&quot;335559737&quot;:0,&quot;335559740&quot;:276}\">\u00a0<\/span><\/li>\n<li data-leveltext=\"\u25cf\" data-font=\"Symbol\" data-listid=\"1\" aria-setsize=\"-1\" data-aria-posinset=\"4\" data-aria-level=\"1\">Obtener todas las opciones adaptadas a sus necesidades y deseos.<\/li>\n<\/ul>\n<p>Encuentre aqu\u00ed los algunos de los motivos que le indicar\u00e1n que debe cambiar su <a href=\"http:\/\/experiencia.winterhalter.com\/es\/motivos-que-le-indican-que-debe-cambiar-su-lavavajillas-industrial\/\">lavavajillas industrial.<\/a><\/p>\n<ol start=\"2\">\n<li>\n<h3><b> La personalizaci\u00f3n de los ciclos que se ajusten a las necesidades particulares del d\u00eda a d\u00eda<\/b><\/h3>\n<\/li>\n<\/ol>\n<p>No todos los d\u00edas en nuestra cocina son iguales ni la demanda de lavado es igual en cada carga de vajilla,\u00a0cristaler\u00eda,\u00a0cuberter\u00eda, bandejas, etc.\u00a0\u00bfPor qu\u00e9 deber\u00edamos utilizar los mismos ciclos en cada uno de ellos?<\/p>\n<p>Personalizar el lavado d\u00eda con d\u00eda le permitir\u00e1 evitar gastar agua, qu\u00edmicos, energ\u00eda el\u00e9ctrica y tiempo,\u00a0y ello se consigue, configurando cada ciclo de acuerdo a la cantidad, suciedad y materiales de lavado. El ahorro que esto representa a corto, medio y largo plazo, logra que los equipos con ciclos personalizables sean una inversi\u00f3n segura.<\/p>\n<p>Todas las soluciones de lavado industrial\u00a0de\u00a0Winterhalter\u00a0est\u00e1n dise\u00f1adas en t\u00e9rminos de versatilidad y adaptabilidad total a las necesidades de su negocio.<\/p>\n<p>Contamos con distintas m\u00e1quinas, que le asegurar\u00e1n invertir en un funcionamiento \u00f3ptimo, una larga\u00a0vida \u00fatil\u00a0y sobre todo,\u00a0ahorro de recursos.<\/p>\n","protected":false},"excerpt":{"rendered":"<p>Personalizar el lavado en su\u00a0negocio\u00a0puede representar la diferencia entre un ahorro considerable de tiempo, energ\u00eda, consumos y dinero; o un desperdicio constante de\u00a0todos ellos. Usar [&hellip;]<\/p>\n","protected":false},"author":7,"featured_media":414,"comment_status":"open","ping_status":"open","sticky":false,"template":"","format":"standard","meta":{"_acf_changed":false,"footnotes":""},"categories":[40,41,36],"tags":[],"class_list":["post-413","post","type-post","status-publish","format-standard","has-post-thumbnail","hentry","category-alimentacion-industria-latam","category-corporativo","category-latam"],"acf":[],"yoast_head":"<!-- This site is optimized with the Yoast SEO plugin v27.4 - https:\/\/yoast.com\/product\/yoast-seo-wordpress\/ -->\n<title>\u00bfQu\u00e9 significa personalizaci\u00f3n del lavado? Descubre m\u00e1s<\/title>\n<meta name=\"description\" content=\"La personalizaci\u00f3n de lavado es fundamental a la hora de mejorar la calidad de servicios en tu cocina profesional, aprende c\u00f3mo definirlo aqu\u00ed.\" \/>\n<meta name=\"robots\" content=\"index, follow, max-snippet:-1, max-image-preview:large, max-video-preview:-1\" \/>\n<link rel=\"canonical\" href=\"https:\/\/experiencia.winterhalter.com\/pe\/que-significa-personalizacion-del-lavado\/\" \/>\n<meta property=\"og:locale\" content=\"es_ES\" \/>\n<meta property=\"og:type\" content=\"article\" \/>\n<meta property=\"og:title\" content=\"\u00bfQu\u00e9 significa personalizaci\u00f3n del lavado? Descubre m\u00e1s\" \/>\n<meta property=\"og:description\" content=\"La personalizaci\u00f3n de lavado es fundamental a la hora de mejorar la calidad de servicios en tu cocina profesional, aprende c\u00f3mo definirlo aqu\u00ed.\" \/>\n<meta property=\"og:url\" content=\"https:\/\/experiencia.winterhalter.com\/pe\/que-significa-personalizacion-del-lavado\/\" \/>\n<meta property=\"og:site_name\" content=\"Blog Winterhalter Peru\" \/>\n<meta property=\"article:published_time\" content=\"2018-08-21T07:00:59+00:00\" \/>\n<meta property=\"article:modified_time\" content=\"2019-08-15T14:30:48+00:00\" \/>\n<meta property=\"og:image\" content=\"https:\/\/experiencia.winterhalter.com\/pe\/wp-content\/uploads\/2018\/08\/winterhalter-referenz-baecker-baier-uf-desktop.jpg\" \/>\n\t<meta property=\"og:image:width\" content=\"2048\" \/>\n\t<meta property=\"og:image:height\" content=\"896\" \/>\n\t<meta property=\"og:image:type\" content=\"image\/jpeg\" \/>\n<meta name=\"author\" content=\"andresl\" \/>\n<meta name=\"twitter:card\" content=\"summary_large_image\" \/>\n<meta name=\"twitter:label1\" content=\"Escrito por\" \/>\n\t<meta name=\"twitter:data1\" content=\"andresl\" \/>\n\t<meta name=\"twitter:label2\" content=\"Tiempo de lectura\" \/>\n\t<meta name=\"twitter:data2\" content=\"3 minutos\" \/>\n<script type=\"application\/ld+json\" class=\"yoast-schema-graph\">{\"@context\":\"https:\\\/\\\/schema.org\",\"@graph\":[{\"@type\":\"Article\",\"@id\":\"https:\\\/\\\/experiencia.winterhalter.com\\\/pe\\\/que-significa-personalizacion-del-lavado\\\/#article\",\"isPartOf\":{\"@id\":\"https:\\\/\\\/experiencia.winterhalter.com\\\/pe\\\/que-significa-personalizacion-del-lavado\\\/\"},\"author\":{\"name\":\"andresl\",\"@id\":\"https:\\\/\\\/experiencia.winterhalter.com\\\/#\\\/schema\\\/person\\\/cc1c853d98c02deee04205bf83224d8f\"},\"headline\":\"\u00bfQu\u00e9 significa personalizaci\u00f3n del lavado?\",\"datePublished\":\"2018-08-21T07:00:59+00:00\",\"dateModified\":\"2019-08-15T14:30:48+00:00\",\"mainEntityOfPage\":{\"@id\":\"https:\\\/\\\/experiencia.winterhalter.com\\\/pe\\\/que-significa-personalizacion-del-lavado\\\/\"},\"wordCount\":578,\"commentCount\":0,\"image\":{\"@id\":\"https:\\\/\\\/experiencia.winterhalter.com\\\/pe\\\/que-significa-personalizacion-del-lavado\\\/#primaryimage\"},\"thumbnailUrl\":\"https:\\\/\\\/experiencia.winterhalter.com\\\/pe\\\/wp-content\\\/uploads\\\/2018\\\/08\\\/winterhalter-referenz-baecker-baier-uf-desktop.jpg\",\"articleSection\":[\"Alimentaci\u00f3n Industria\",\"Corporativo\",\"Latam\"],\"inLanguage\":\"es\",\"potentialAction\":[{\"@type\":\"CommentAction\",\"name\":\"Comment\",\"target\":[\"https:\\\/\\\/experiencia.winterhalter.com\\\/pe\\\/que-significa-personalizacion-del-lavado\\\/#respond\"]}]},{\"@type\":\"WebPage\",\"@id\":\"https:\\\/\\\/experiencia.winterhalter.com\\\/pe\\\/que-significa-personalizacion-del-lavado\\\/\",\"url\":\"https:\\\/\\\/experiencia.winterhalter.com\\\/pe\\\/que-significa-personalizacion-del-lavado\\\/\",\"name\":\"\u00bfQu\u00e9 significa personalizaci\u00f3n del lavado? Descubre m\u00e1s\",\"isPartOf\":{\"@id\":\"https:\\\/\\\/experiencia.winterhalter.com\\\/#website\"},\"primaryImageOfPage\":{\"@id\":\"https:\\\/\\\/experiencia.winterhalter.com\\\/pe\\\/que-significa-personalizacion-del-lavado\\\/#primaryimage\"},\"image\":{\"@id\":\"https:\\\/\\\/experiencia.winterhalter.com\\\/pe\\\/que-significa-personalizacion-del-lavado\\\/#primaryimage\"},\"thumbnailUrl\":\"https:\\\/\\\/experiencia.winterhalter.com\\\/pe\\\/wp-content\\\/uploads\\\/2018\\\/08\\\/winterhalter-referenz-baecker-baier-uf-desktop.jpg\",\"datePublished\":\"2018-08-21T07:00:59+00:00\",\"dateModified\":\"2019-08-15T14:30:48+00:00\",\"author\":{\"@id\":\"https:\\\/\\\/experiencia.winterhalter.com\\\/#\\\/schema\\\/person\\\/cc1c853d98c02deee04205bf83224d8f\"},\"description\":\"La personalizaci\u00f3n de lavado es fundamental a la hora de mejorar la calidad de servicios en tu cocina profesional, aprende c\u00f3mo definirlo aqu\u00ed.\",\"breadcrumb\":{\"@id\":\"https:\\\/\\\/experiencia.winterhalter.com\\\/pe\\\/que-significa-personalizacion-del-lavado\\\/#breadcrumb\"},\"inLanguage\":\"es\",\"potentialAction\":[{\"@type\":\"ReadAction\",\"target\":[\"https:\\\/\\\/experiencia.winterhalter.com\\\/pe\\\/que-significa-personalizacion-del-lavado\\\/\"]}]},{\"@type\":\"ImageObject\",\"inLanguage\":\"es\",\"@id\":\"https:\\\/\\\/experiencia.winterhalter.com\\\/pe\\\/que-significa-personalizacion-del-lavado\\\/#primaryimage\",\"url\":\"https:\\\/\\\/experiencia.winterhalter.com\\\/pe\\\/wp-content\\\/uploads\\\/2018\\\/08\\\/winterhalter-referenz-baecker-baier-uf-desktop.jpg\",\"contentUrl\":\"https:\\\/\\\/experiencia.winterhalter.com\\\/pe\\\/wp-content\\\/uploads\\\/2018\\\/08\\\/winterhalter-referenz-baecker-baier-uf-desktop.jpg\",\"width\":2048,\"height\":896,\"caption\":\"personalizaci\u00f3n de lavado industrial\"},{\"@type\":\"BreadcrumbList\",\"@id\":\"https:\\\/\\\/experiencia.winterhalter.com\\\/pe\\\/que-significa-personalizacion-del-lavado\\\/#breadcrumb\",\"itemListElement\":[{\"@type\":\"ListItem\",\"position\":1,\"name\":\"Portada\",\"item\":\"https:\\\/\\\/experiencia.winterhalter.com\\\/\"},{\"@type\":\"ListItem\",\"position\":2,\"name\":\"\u00bfQu\u00e9 significa personalizaci\u00f3n del lavado?\"}]},{\"@type\":\"WebSite\",\"@id\":\"https:\\\/\\\/experiencia.winterhalter.com\\\/#website\",\"url\":\"https:\\\/\\\/experiencia.winterhalter.com\\\/\",\"name\":\"Blog Winterhalter Peru\",\"description\":\"\",\"potentialAction\":[{\"@type\":\"SearchAction\",\"target\":{\"@type\":\"EntryPoint\",\"urlTemplate\":\"https:\\\/\\\/experiencia.winterhalter.com\\\/?s={search_term_string}\"},\"query-input\":{\"@type\":\"PropertyValueSpecification\",\"valueRequired\":true,\"valueName\":\"search_term_string\"}}],\"inLanguage\":\"es\"},{\"@type\":\"Person\",\"@id\":\"https:\\\/\\\/experiencia.winterhalter.com\\\/#\\\/schema\\\/person\\\/cc1c853d98c02deee04205bf83224d8f\",\"name\":\"andresl\",\"image\":{\"@type\":\"ImageObject\",\"inLanguage\":\"es\",\"@id\":\"https:\\\/\\\/experiencia.winterhalter.com\\\/pe\\\/wp-content\\\/litespeed\\\/avatar\\\/187e1e85ad1a021728d6d9e7bc91b8d9.jpg?ver=1777310150\",\"url\":\"https:\\\/\\\/experiencia.winterhalter.com\\\/pe\\\/wp-content\\\/litespeed\\\/avatar\\\/187e1e85ad1a021728d6d9e7bc91b8d9.jpg?ver=1777310150\",\"contentUrl\":\"https:\\\/\\\/experiencia.winterhalter.com\\\/pe\\\/wp-content\\\/litespeed\\\/avatar\\\/187e1e85ad1a021728d6d9e7bc91b8d9.jpg?ver=1777310150\",\"caption\":\"andresl\"},\"url\":\"https:\\\/\\\/experiencia.winterhalter.com\\\/pe\\\/author\\\/andresl\\\/\"}]}<\/script>\n<!-- \/ Yoast SEO plugin. -->","yoast_head_json":{"title":"\u00bfQu\u00e9 significa personalizaci\u00f3n del lavado? Descubre m\u00e1s","description":"La personalizaci\u00f3n de lavado es fundamental a la hora de mejorar la calidad de servicios en tu cocina profesional, aprende c\u00f3mo definirlo aqu\u00ed.","robots":{"index":"index","follow":"follow","max-snippet":"max-snippet:-1","max-image-preview":"max-image-preview:large","max-video-preview":"max-video-preview:-1"},"canonical":"https:\/\/experiencia.winterhalter.com\/pe\/que-significa-personalizacion-del-lavado\/","og_locale":"es_ES","og_type":"article","og_title":"\u00bfQu\u00e9 significa personalizaci\u00f3n del lavado? Descubre m\u00e1s","og_description":"La personalizaci\u00f3n de lavado es fundamental a la hora de mejorar la calidad de servicios en tu cocina profesional, aprende c\u00f3mo definirlo aqu\u00ed.","og_url":"https:\/\/experiencia.winterhalter.com\/pe\/que-significa-personalizacion-del-lavado\/","og_site_name":"Blog Winterhalter Peru","article_published_time":"2018-08-21T07:00:59+00:00","article_modified_time":"2019-08-15T14:30:48+00:00","og_image":[{"width":2048,"height":896,"url":"https:\/\/experiencia.winterhalter.com\/pe\/wp-content\/uploads\/2018\/08\/winterhalter-referenz-baecker-baier-uf-desktop.jpg","type":"image\/jpeg"}],"author":"andresl","twitter_card":"summary_large_image","twitter_misc":{"Escrito por":"andresl","Tiempo de lectura":"3 minutos"},"schema":{"@context":"https:\/\/schema.org","@graph":[{"@type":"Article","@id":"https:\/\/experiencia.winterhalter.com\/pe\/que-significa-personalizacion-del-lavado\/#article","isPartOf":{"@id":"https:\/\/experiencia.winterhalter.com\/pe\/que-significa-personalizacion-del-lavado\/"},"author":{"name":"andresl","@id":"https:\/\/experiencia.winterhalter.com\/#\/schema\/person\/cc1c853d98c02deee04205bf83224d8f"},"headline":"\u00bfQu\u00e9 significa personalizaci\u00f3n del lavado?","datePublished":"2018-08-21T07:00:59+00:00","dateModified":"2019-08-15T14:30:48+00:00","mainEntityOfPage":{"@id":"https:\/\/experiencia.winterhalter.com\/pe\/que-significa-personalizacion-del-lavado\/"},"wordCount":578,"commentCount":0,"image":{"@id":"https:\/\/experiencia.winterhalter.com\/pe\/que-significa-personalizacion-del-lavado\/#primaryimage"},"thumbnailUrl":"https:\/\/experiencia.winterhalter.com\/pe\/wp-content\/uploads\/2018\/08\/winterhalter-referenz-baecker-baier-uf-desktop.jpg","articleSection":["Alimentaci\u00f3n Industria","Corporativo","Latam"],"inLanguage":"es","potentialAction":[{"@type":"CommentAction","name":"Comment","target":["https:\/\/experiencia.winterhalter.com\/pe\/que-significa-personalizacion-del-lavado\/#respond"]}]},{"@type":"WebPage","@id":"https:\/\/experiencia.winterhalter.com\/pe\/que-significa-personalizacion-del-lavado\/","url":"https:\/\/experiencia.winterhalter.com\/pe\/que-significa-personalizacion-del-lavado\/","name":"\u00bfQu\u00e9 significa personalizaci\u00f3n del lavado? Descubre m\u00e1s","isPartOf":{"@id":"https:\/\/experiencia.winterhalter.com\/#website"},"primaryImageOfPage":{"@id":"https:\/\/experiencia.winterhalter.com\/pe\/que-significa-personalizacion-del-lavado\/#primaryimage"},"image":{"@id":"https:\/\/experiencia.winterhalter.com\/pe\/que-significa-personalizacion-del-lavado\/#primaryimage"},"thumbnailUrl":"https:\/\/experiencia.winterhalter.com\/pe\/wp-content\/uploads\/2018\/08\/winterhalter-referenz-baecker-baier-uf-desktop.jpg","datePublished":"2018-08-21T07:00:59+00:00","dateModified":"2019-08-15T14:30:48+00:00","author":{"@id":"https:\/\/experiencia.winterhalter.com\/#\/schema\/person\/cc1c853d98c02deee04205bf83224d8f"},"description":"La personalizaci\u00f3n de lavado es fundamental a la hora de mejorar la calidad de servicios en tu cocina profesional, aprende c\u00f3mo definirlo aqu\u00ed.","breadcrumb":{"@id":"https:\/\/experiencia.winterhalter.com\/pe\/que-significa-personalizacion-del-lavado\/#breadcrumb"},"inLanguage":"es","potentialAction":[{"@type":"ReadAction","target":["https:\/\/experiencia.winterhalter.com\/pe\/que-significa-personalizacion-del-lavado\/"]}]},{"@type":"ImageObject","inLanguage":"es","@id":"https:\/\/experiencia.winterhalter.com\/pe\/que-significa-personalizacion-del-lavado\/#primaryimage","url":"https:\/\/experiencia.winterhalter.com\/pe\/wp-content\/uploads\/2018\/08\/winterhalter-referenz-baecker-baier-uf-desktop.jpg","contentUrl":"https:\/\/experiencia.winterhalter.com\/pe\/wp-content\/uploads\/2018\/08\/winterhalter-referenz-baecker-baier-uf-desktop.jpg","width":2048,"height":896,"caption":"personalizaci\u00f3n de lavado industrial"},{"@type":"BreadcrumbList","@id":"https:\/\/experiencia.winterhalter.com\/pe\/que-significa-personalizacion-del-lavado\/#breadcrumb","itemListElement":[{"@type":"ListItem","position":1,"name":"Portada","item":"https:\/\/experiencia.winterhalter.com\/"},{"@type":"ListItem","position":2,"name":"\u00bfQu\u00e9 significa personalizaci\u00f3n del lavado?"}]},{"@type":"WebSite","@id":"https:\/\/experiencia.winterhalter.com\/#website","url":"https:\/\/experiencia.winterhalter.com\/","name":"Blog Winterhalter Peru","description":"","potentialAction":[{"@type":"SearchAction","target":{"@type":"EntryPoint","urlTemplate":"https:\/\/experiencia.winterhalter.com\/?s={search_term_string}"},"query-input":{"@type":"PropertyValueSpecification","valueRequired":true,"valueName":"search_term_string"}}],"inLanguage":"es"},{"@type":"Person","@id":"https:\/\/experiencia.winterhalter.com\/#\/schema\/person\/cc1c853d98c02deee04205bf83224d8f","name":"andresl","image":{"@type":"ImageObject","inLanguage":"es","@id":"https:\/\/experiencia.winterhalter.com\/pe\/wp-content\/litespeed\/avatar\/187e1e85ad1a021728d6d9e7bc91b8d9.jpg?ver=1777310150","url":"https:\/\/experiencia.winterhalter.com\/pe\/wp-content\/litespeed\/avatar\/187e1e85ad1a021728d6d9e7bc91b8d9.jpg?ver=1777310150","contentUrl":"https:\/\/experiencia.winterhalter.com\/pe\/wp-content\/litespeed\/avatar\/187e1e85ad1a021728d6d9e7bc91b8d9.jpg?ver=1777310150","caption":"andresl"},"url":"https:\/\/experiencia.winterhalter.com\/pe\/author\/andresl\/"}]}},"_links":{"self":[{"href":"https:\/\/experiencia.winterhalter.com\/pe\/wp-json\/wp\/v2\/posts\/413","targetHints":{"allow":["GET"]}}],"collection":[{"href":"https:\/\/experiencia.winterhalter.com\/pe\/wp-json\/wp\/v2\/posts"}],"about":[{"href":"https:\/\/experiencia.winterhalter.com\/pe\/wp-json\/wp\/v2\/types\/post"}],"author":[{"embeddable":true,"href":"https:\/\/experiencia.winterhalter.com\/pe\/wp-json\/wp\/v2\/users\/7"}],"replies":[{"embeddable":true,"href":"https:\/\/experiencia.winterhalter.com\/pe\/wp-json\/wp\/v2\/comments?post=413"}],"version-history":[{"count":4,"href":"https:\/\/experiencia.winterhalter.com\/pe\/wp-json\/wp\/v2\/posts\/413\/revisions"}],"predecessor-version":[{"id":873,"href":"https:\/\/experiencia.winterhalter.com\/pe\/wp-json\/wp\/v2\/posts\/413\/revisions\/873"}],"wp:featuredmedia":[{"embeddable":true,"href":"https:\/\/experiencia.winterhalter.com\/pe\/wp-json\/wp\/v2\/media\/414"}],"wp:attachment":[{"href":"https:\/\/experiencia.winterhalter.com\/pe\/wp-json\/wp\/v2\/media?parent=413"}],"wp:term":[{"taxonomy":"category","embeddable":true,"href":"https:\/\/experiencia.winterhalter.com\/pe\/wp-json\/wp\/v2\/categories?post=413"},{"taxonomy":"post_tag","embeddable":true,"href":"https:\/\/experiencia.winterhalter.com\/pe\/wp-json\/wp\/v2\/tags?post=413"}],"curies":[{"name":"wp","href":"https:\/\/api.w.org\/{rel}","templated":true}]}}